{"id":87,"count":4,"description":"","link":"https:\/\/biotik.be\/nl\/category\/akoestische-isolatie\/","name":"Akoestische isolatie","slug":"akoestische-isolatie","taxonomy":"category","parent":0,"meta":[],"aioseo_head":"\n\t\t<!-- All in One SEO Pro 5.0.1.1 - aioseo.com -->\n\t<meta name=\"robots\" content=\"noindex, max-snippet:-1, max-image-preview:large, max-video-preview:-1\" \/>\n\t<meta name=\"google-site-verification\" content=\"google033941a66a77a583.html\" \/>\n\t<link rel=\"canonical\" href=\"https:\/\/biotik.be\/nl\/category\/akoestische-isolatie\/\" \/>\n\t<meta name=\"generator\" content=\"All in One SEO Pro (AIOSEO) 5.0.1.1\" \/>\n\t\t<meta property=\"og:locale\" content=\"nl_NL\" \/>\n\t\t<meta property=\"og:site_name\" content=\"Biotik\" \/>\n\t\t<meta property=\"og:type\" content=\"website\" \/>\n\t\t<meta property=\"og:title\" content=\"Akoestische isolatie | Biotik | Greenroofs\" \/>\n\t\t<meta property=\"og:url\" content=\"https:\/\/biotik.be\/nl\/category\/akoestische-isolatie\/\" \/>\n\t\t<meta property=\"og:image\" content=\"https:\/\/biotik.be\/wp-content\/uploads\/2026\/08\/biotik-toitures-vegetales-bruxelles-partage-social.jpg\" \/>\n\t\t<meta property=\"og:image:secure_url\" content=\"https:\/\/biotik.be\/wp-content\/uploads\/2026\/08\/biotik-toitures-vegetales-bruxelles-partage-social.jpg\" \/>\n\t\t<meta property=\"og:image:width\" content=\"1200\" \/>\n\t\t<meta property=\"og:image:height\" content=\"630\" \/>\n\t\t<meta name=\"twitter:card\" content=\"summary_large_image\" \/>\n\t\t<meta name=\"twitter:title\" content=\"Akoestische isolatie | Biotik | Greenroofs\" \/>\n\t\t<meta name=\"twitter:image\" content=\"https:\/\/biotik.be\/wp-content\/uploads\/2026\/08\/biotik-toitures-vegetales-bruxelles-partage-social.jpg\" \/>\n\t\t<script type=\"application\/ld+json\" class=\"aioseo-schema\">\n\t\t\t{\"@context\":\"https:\\\/\\\/schema.org\",\"@graph\":[{\"@type\":\"BreadcrumbList\",\"@id\":\"https:\\\/\\\/biotik.be\\\/nl\\\/wp-json\\\/wp\\\/v2\\\/categories\\\/87\\\/#breadcrumblist\",\"itemListElement\":[{\"@type\":\"ListItem\",\"@id\":\"https:\\\/\\\/biotik.be\\\/nl\\\/#listItem\",\"position\":1,\"name\":\"Home\",\"item\":\"https:\\\/\\\/biotik.be\\\/nl\\\/\",\"nextItem\":{\"@type\":\"ListItem\",\"@id\":\"https:\\\/\\\/biotik.be\\\/nl\\\/category\\\/akoestische-isolatie\\\/#listItem\",\"name\":\"Akoestische isolatie\"}},{\"@type\":\"ListItem\",\"@id\":\"https:\\\/\\\/biotik.be\\\/nl\\\/category\\\/akoestische-isolatie\\\/#listItem\",\"position\":2,\"name\":\"Akoestische isolatie\",\"previousItem\":{\"@type\":\"ListItem\",\"@id\":\"https:\\\/\\\/biotik.be\\\/nl\\\/#listItem\",\"name\":\"Accueil\"}}]},{\"@type\":\"CollectionPage\",\"@id\":\"https:\\\/\\\/biotik.be\\\/nl\\\/wp-json\\\/wp\\\/v2\\\/categories\\\/87\\\/#collectionpage\",\"url\":\"https:\\\/\\\/biotik.be\\\/nl\\\/wp-json\\\/wp\\\/v2\\\/categories\\\/87\\\/\",\"name\":\"Akoestische isolatie | Biotik | Greenroofs\",\"inLanguage\":\"nl-NL\",\"isPartOf\":{\"@id\":\"https:\\\/\\\/biotik.be\\\/nl\\\/#website\"},\"breadcrumb\":{\"@id\":\"https:\\\/\\\/biotik.be\\\/nl\\\/wp-json\\\/wp\\\/v2\\\/categories\\\/87\\\/#breadcrumblist\"}},{\"@type\":\"Organization\",\"@id\":\"https:\\\/\\\/biotik.be\\\/nl\\\/#organization\",\"name\":\"Biotik SRL\",\"description\":\"Biotik est une entreprise sp\\u00e9cialis\\u00e9e dans la conception, l\\u2019installation et l\\u2019entretien de toitures v\\u00e9g\\u00e9tales et de murs v\\u00e9g\\u00e9taux \\u00e0 Bruxelles et en Belgique. Elle propose \\u00e9galement des solutions durables de gestion et de r\\u00e9tention des eaux pluviales.\",\"url\":\"https:\\\/\\\/biotik.be\\\/nl\\\/\",\"email\":\"contact@biotik.be\",\"telephone\":\"+32484702375\",\"foundingDate\":\"2024-07-17\",\"logo\":{\"@type\":\"ImageObject\",\"url\":\"https:\\\/\\\/biotik.be\\\/wp-content\\\/uploads\\\/2026\\\/08\\\/logo-biotik-toitures-vegetales.svg\",\"@id\":\"https:\\\/\\\/biotik.be\\\/nl\\\/wp-json\\\/wp\\\/v2\\\/categories\\\/87\\\/#organizationLogo\",\"width\":332,\"height\":150},\"image\":{\"@id\":\"https:\\\/\\\/biotik.be\\\/nl\\\/wp-json\\\/wp\\\/v2\\\/categories\\\/87\\\/#organizationLogo\"},\"sameAs\":[\"https:\\\/\\\/www.instagram.com\\\/_biotik\\\/\",\"https:\\\/\\\/www.linkedin.com\\\/company\\\/78735553\"],\"address\":{\"@id\":\"https:\\\/\\\/biotik.be\\\/nl\\\/#postaladdress\",\"@type\":\"PostalAddress\",\"streetAddress\":\"Chauss\\u00e9e de Wemmel 95, Bo\\u00eete 04\\\/3\",\"postalCode\":\"1090\",\"addressLocality\":\"Jette\",\"addressRegion\":\"R\\u00e9gion de Bruxelles-Capitale\",\"addressCountry\":\"BE\"},\"vatID\":\"BE1011668824\"},{\"@type\":\"WebSite\",\"@id\":\"https:\\\/\\\/biotik.be\\\/nl\\\/#website\",\"url\":\"https:\\\/\\\/biotik.be\\\/nl\\\/\",\"name\":\"Biotik\",\"alternateName\":\"Biotik SRL\",\"description\":\"Toitures vertes & v\\u00e9g\\u00e9talisation urbaine | Groendaken en stedelijk groen\",\"inLanguage\":\"nl-NL\",\"publisher\":{\"@id\":\"https:\\\/\\\/biotik.be\\\/nl\\\/#organization\"}}]}\n\t\t<\/script>\n\t\t<!-- All in One SEO Pro -->\r\n\t\t<title>Akoestische isolatie | Biotik | Greenroofs<\/title>\n\n","aioseo_head_json":{"title":"Akoestische isolatie | Biotik | Greenroofs","description":"","canonical_url":"https:\/\/biotik.be\/nl\/category\/akoestische-isolatie\/","robots":"noindex, max-snippet:-1, max-image-preview:large, max-video-preview:-1","keywords":"","webmasterTools":{"google-site-verification":"google033941a66a77a583.html","miscellaneous":""},"schema":{"@context":"https:\/\/schema.org","@graph":[{"@type":"BreadcrumbList","@id":"https:\/\/biotik.be\/nl\/wp-json\/wp\/v2\/categories\/87\/#breadcrumblist","itemListElement":[{"@type":"ListItem","@id":"https:\/\/biotik.be\/nl\/#listItem","position":1,"name":"Home","item":"https:\/\/biotik.be\/nl\/","nextItem":{"@type":"ListItem","@id":"https:\/\/biotik.be\/nl\/category\/akoestische-isolatie\/#listItem","name":"Akoestische isolatie"}},{"@type":"ListItem","@id":"https:\/\/biotik.be\/nl\/category\/akoestische-isolatie\/#listItem","position":2,"name":"Akoestische isolatie","previousItem":{"@type":"ListItem","@id":"https:\/\/biotik.be\/nl\/#listItem","name":"Accueil"}}]},{"@type":"CollectionPage","@id":"https:\/\/biotik.be\/nl\/wp-json\/wp\/v2\/categories\/87\/#collectionpage","url":"https:\/\/biotik.be\/nl\/wp-json\/wp\/v2\/categories\/87\/","name":"Akoestische isolatie | Biotik | Greenroofs","inLanguage":"nl-NL","isPartOf":{"@id":"https:\/\/biotik.be\/nl\/#website"},"breadcrumb":{"@id":"https:\/\/biotik.be\/nl\/wp-json\/wp\/v2\/categories\/87\/#breadcrumblist"}},{"@type":"Organization","@id":"https:\/\/biotik.be\/nl\/#organization","name":"Biotik SRL","description":"Biotik est une entreprise sp\u00e9cialis\u00e9e dans la conception, l\u2019installation et l\u2019entretien de toitures v\u00e9g\u00e9tales et de murs v\u00e9g\u00e9taux \u00e0 Bruxelles et en Belgique. Elle propose \u00e9galement des solutions durables de gestion et de r\u00e9tention des eaux pluviales.","url":"https:\/\/biotik.be\/nl\/","email":"contact@biotik.be","telephone":"+32484702375","foundingDate":"2024-07-17","logo":{"@type":"ImageObject","url":"https:\/\/biotik.be\/wp-content\/uploads\/2026\/08\/logo-biotik-toitures-vegetales.svg","@id":"https:\/\/biotik.be\/nl\/wp-json\/wp\/v2\/categories\/87\/#organizationLogo","width":332,"height":150},"image":{"@id":"https:\/\/biotik.be\/nl\/wp-json\/wp\/v2\/categories\/87\/#organizationLogo"},"sameAs":["https:\/\/www.instagram.com\/_biotik\/","https:\/\/www.linkedin.com\/company\/78735553"],"address":{"@id":"https:\/\/biotik.be\/nl\/#postaladdress","@type":"PostalAddress","streetAddress":"Chauss\u00e9e de Wemmel 95, Bo\u00eete 04\/3","postalCode":"1090","addressLocality":"Jette","addressRegion":"R\u00e9gion de Bruxelles-Capitale","addressCountry":"BE"},"vatID":"BE1011668824"},{"@type":"WebSite","@id":"https:\/\/biotik.be\/nl\/#website","url":"https:\/\/biotik.be\/nl\/","name":"Biotik","alternateName":"Biotik SRL","description":"Toitures vertes & v\u00e9g\u00e9talisation urbaine | Groendaken en stedelijk groen","inLanguage":"nl-NL","publisher":{"@id":"https:\/\/biotik.be\/nl\/#organization"}}]},"og:locale":"nl_NL","og:site_name":"Biotik","og:type":"website","og:title":"Akoestische isolatie | Biotik | Greenroofs","og:url":"https:\/\/biotik.be\/nl\/category\/akoestische-isolatie\/","og:image":"https:\/\/biotik.be\/wp-content\/uploads\/2026\/08\/biotik-toitures-vegetales-bruxelles-partage-social.jpg","og:image:secure_url":"https:\/\/biotik.be\/wp-content\/uploads\/2026\/08\/biotik-toitures-vegetales-bruxelles-partage-social.jpg","og:image:width":1200,"og:image:height":630,"twitter:card":"summary_large_image","twitter:title":"Akoestische isolatie | Biotik | Greenroofs","twitter:image":"https:\/\/biotik.be\/wp-content\/uploads\/2026\/08\/biotik-toitures-vegetales-bruxelles-partage-social.jpg"},"aioseo_meta_data":{"term_id":"87","title":null,"description":null,"keywords":null,"canonical_url":null,"og_title":null,"og_description":null,"og_object_type":"default","og_image_type":"default","og_image_custom_url":null,"og_image_custom_fields":null,"og_custom_image_width":null,"og_custom_image_height":null,"og_video":null,"og_custom_url":null,"og_article_section":null,"og_article_tags":null,"twitter_use_og":false,"twitter_card":"default","twitter_image_type":"default","twitter_image_custom_url":null,"twitter_image_custom_fields":null,"twitter_title":null,"twitter_description":null,"pillar_content":null,"robots_default":true,"robots_noindex":false,"robots_noarchive":false,"robots_nosnippet":false,"robots_nofollow":false,"robots_noimageindex":false,"robots_noodp":false,"robots_notranslate":false,"robots_max_snippet":null,"robots_max_videopreview":null,"robots_max_imagepreview":"large","priority":null,"frequency":null,"tabs":null,"local_seo":null,"seo_analyzer_scan_date":"2026-05-13 11:01:25","focus_keyword":null,"additional_keywords":null,"truseo_locale":null,"breadcrumb_settings":null,"created":"2025-08-15 00:41:56","updated":"2026-05-13 11:01:25","og_image_url":null,"og_image_width":null,"og_image_height":null,"twitter_image_url":null},"aioseo_breadcrumb":"<div class=\"aioseo-breadcrumbs\"><span class=\"aioseo-breadcrumb\">\n\t<a href=\"https:\/\/biotik.be\/nl\/\" title=\"Accueil\">Accueil<\/a>\n<\/span><span class=\"aioseo-breadcrumb-separator\">\u203a<\/span><span class=\"aioseo-breadcrumb\">\n\tAkoestische isolatie\n<\/span><\/div>","aioseo_breadcrumb_json":[{"label":"Accueil","link":"https:\/\/biotik.be\/nl\/"},{"label":"Akoestische isolatie","link":"https:\/\/biotik.be\/nl\/category\/akoestische-isolatie\/"}],"_links":{"self":[{"href":"https:\/\/biotik.be\/nl\/wp-json\/wp\/v2\/categories\/87","targetHints":{"allow":["GET"]}}],"collection":[{"href":"https:\/\/biotik.be\/nl\/wp-json\/wp\/v2\/categories"}],"about":[{"href":"https:\/\/biotik.be\/nl\/wp-json\/wp\/v2\/taxonomies\/category"}],"wp:post_type":[{"href":"https:\/\/biotik.be\/nl\/wp-json\/wp\/v2\/posts?categories=87"}],"curies":[{"name":"wp","href":"https:\/\/api.w.org\/{rel}","templated":true}]}}