{"id":7905,"date":"2022-07-27T14:28:26","date_gmt":"2022-07-27T14:28:26","guid":{"rendered":"https:\/\/biotik.be\/?p=7905"},"modified":"2024-01-19T11:56:21","modified_gmt":"2024-01-19T11:56:21","slug":"premie-groendak-in-brussel-vlaanderen-of-wallonie","status":"publish","type":"post","link":"https:\/\/biotik.be\/nl\/premie-groendak-in-brussel-vlaanderen-of-wallonie\/","title":{"rendered":"Premie groendak in Brussel, Vlaanderen of Walloni\u00eb"},"content":{"rendered":"\t\t<div data-elementor-type=\"wp-post\" data-elementor-id=\"7905\" class=\"elementor elementor-7905 elementor-7904\" data-elementor-post-type=\"post\">\n\t\t\t\t\t\t<section class=\"elementor-section elementor-top-section elementor-element elementor-element-5be3d60 elementor-section-boxed elementor-section-height-default elementor-section-height-default\" data-id=\"5be3d60\" data-element_type=\"section\" data-e-type=\"section\">\n\t\t\t\t\t\t<div class=\"elementor-container elementor-column-gap-default\">\n\t\t\t\t\t<div class=\"elementor-column elementor-col-100 elementor-top-column elementor-element elementor-element-bd8465c\" data-id=\"bd8465c\" data-element_type=\"column\" data-e-type=\"column\">\n\t\t\t<div class=\"elementor-widget-wrap elementor-element-populated\">\n\t\t\t\t\t\t<div class=\"elementor-element elementor-element-52e5576 elementor-widget elementor-widget-text-editor\" data-id=\"52e5576\" data-element_type=\"widget\" data-e-type=\"widget\" data-settings=\"{&quot;ekit_we_effect_on&quot;:&quot;none&quot;}\" data-widget_type=\"text-editor.default\">\n\t\t\t\t\t\t\t\t\t<h2>Wist je dat?<\/h2><p>Wij zetten ons in om u te helpen bij het vinden en verkrijgen van premies of subsidies voor groendaken in Brussel, maar ook in Walloni\u00eb en Vlaanderen.<\/p><p>Wij zullen u alle nodige informatie en documenten bezorgen.<\/p><p>Brussel, bijvoorbeeld, heeft een gewestelijke premie ingevoerd voor de installatie van een groendak. Afhankelijk van het soort dak, varieert dit van 20 tot 40\u20ac m<sup>2<\/sup>.<\/p><p>De werkzaamheden die voor de premie in aanmerking komen, zijn de installatie van een <a title=\"Groendaken\" href=\"https:\/\/biotik.be\/nl\/groendaken\/\">groendak<\/a> of een (al dan niet groen) <a title=\"Waterretentie Groendak\" href=\"https:\/\/biotik.be\/nl\/groendaken\/waterretentie-groendak\/\">watervasthoudend<\/a> dak (met of zonder groendak).<\/p><p>In het geval van groendaken gaat het om alle specifieke werkzaamheden voor de aanleg van een groendakoppervlak op een plat of <a title=\"Hellend Groendak\" href=\"https:\/\/biotik.be\/nl\/groendaken\/hellend-groendak\/\">hellend dak<\/a>, met een substraat dat is aangepast aan de gebruikte planten.<\/p><p>Wat het <a title=\"Waterretentie Groendak\" href=\"https:\/\/biotik.be\/nl\/groendaken\/waterretentie-groendak\/\">waterretentiedak<\/a> betreft, vallen onder de regeling de werken die specifiek zijn voor de installatie van een waterretentiedak, alsmede alle speciale werken in verband met de installatie van de regeling.<\/p>\t\t\t\t\t\t\t\t<\/div>\n\t\t\t\t<div class=\"elementor-element elementor-element-99ebb4a elementor-widget elementor-widget-r-energy-button\" data-id=\"99ebb4a\" data-element_type=\"widget\" data-e-type=\"widget\" data-settings=\"{&quot;ekit_we_effect_on&quot;:&quot;none&quot;}\" data-widget_type=\"r-energy-button.default\">\n\t\t\t\t<div class=\"elementor-widget-container\">\n\t\t\t\t\t<div class=\"r-energy-button\"><a class=\"with--line\" href=\"https:\/\/renolution.brussels\/nl\/premies-stimuli\/e5-dak-groendak-en-waterbuffering\"><span>Premie groendak Brussel<\/span><\/a><\/div>\t\t\t\t<\/div>\n\t\t\t\t<\/div>\n\t\t\t\t<div class=\"elementor-element elementor-element-a4d224e elementor-widget elementor-widget-image\" data-id=\"a4d224e\" data-element_type=\"widget\" data-e-type=\"widget\" data-settings=\"{&quot;ekit_we_effect_on&quot;:&quot;none&quot;}\" data-widget_type=\"image.default\">\n\t\t\t\t\t\t\t\t\t\t\t\t\t\t\t<img fetchpriority=\"high\" decoding=\"async\" width=\"962\" height=\"1202\" src=\"https:\/\/biotik.be\/wp-content\/uploads\/2022\/07\/Biotik-Toitures-Vertes-Groendaken-Bruxelles-Brussel-greenroofs-2.jpg\" class=\"attachment-full size-full wp-image-7914\" alt=\"biotik toitures vertes v\u00e9g\u00e9tale bruxelles brabant groendak groendaken dakpark intensif intensief extensif extensief daktuin greenroof intensive extensive brussels roof garden\" srcset=\"https:\/\/biotik.be\/wp-content\/uploads\/2022\/07\/Biotik-Toitures-Vertes-Groendaken-Bruxelles-Brussel-greenroofs-2.jpg 962w, https:\/\/biotik.be\/wp-content\/uploads\/2022\/07\/Biotik-Toitures-Vertes-Groendaken-Bruxelles-Brussel-greenroofs-2-240x300.jpg 240w, https:\/\/biotik.be\/wp-content\/uploads\/2022\/07\/Biotik-Toitures-Vertes-Groendaken-Bruxelles-Brussel-greenroofs-2-820x1024.jpg 820w, https:\/\/biotik.be\/wp-content\/uploads\/2022\/07\/Biotik-Toitures-Vertes-Groendaken-Bruxelles-Brussel-greenroofs-2-768x960.jpg 768w\" sizes=\"(max-width: 962px) 100vw, 962px\" data-biotik-alt-source=\"media-library-nl\" data-biotik-alt-source-id=\"7914\" \/>\t\t\t\t\t\t\t\t\t\t\t\t\t\t\t<\/div>\n\t\t\t\t<div class=\"elementor-element elementor-element-1f36e5c elementor-widget elementor-widget-text-editor\" data-id=\"1f36e5c\" data-element_type=\"widget\" data-e-type=\"widget\" data-settings=\"{&quot;ekit_we_effect_on&quot;:&quot;none&quot;}\" data-widget_type=\"text-editor.default\">\n\t\t\t\t\t\t\t\t\t<h2>Premies voor groendaken in Vlaanderen en Walloni\u00eb?<\/h2><p>Vlaanderen past geen gewestelijke premie toe, dit gebeurt op gemeentelijk niveau. U kunt deze site gebruiken om gemakkelijk de administratie te vinden waarmee u contact moet opnemen.\u00a0<\/p><p>Maar als u ons uw project toevertrouwt, doen wij het voor u!\u00a0<\/p><p>Walloni\u00eb kent evenmin een gewestelijke premie toe, zodat u ook contact moet opnemen met het gemeentebestuur voor eventuele financi\u00eble steun.\u00a0<\/p>\t\t\t\t\t\t\t\t<\/div>\n\t\t\t\t<div class=\"elementor-element elementor-element-7649099 elementor-widget elementor-widget-r-energy-button\" data-id=\"7649099\" data-element_type=\"widget\" data-e-type=\"widget\" data-settings=\"{&quot;ekit_we_effect_on&quot;:&quot;none&quot;}\" data-widget_type=\"r-energy-button.default\">\n\t\t\t\t<div class=\"elementor-widget-container\">\n\t\t\t\t\t<div class=\"r-energy-button\"><a class=\"with--line\" href=\"https:\/\/www.vlaanderen.be\/groendak\"><span>Vind uw gemeentebestuur in Vlaanderen<\/span><\/a><\/div>\t\t\t\t<\/div>\n\t\t\t\t<\/div>\n\t\t\t\t\t<\/div>\n\t\t<\/div>\n\t\t\t\t\t<\/div>\n\t\t<\/section>\n\t\t\t\t<section class=\"elementor-section elementor-top-section elementor-element elementor-element-62b382f biotikBlogBackButtonSection elementor-section-boxed elementor-section-height-default elementor-section-height-default\" data-id=\"62b382f\" data-element_type=\"section\" data-e-type=\"section\" data-settings=\"{&quot;background_background&quot;:&quot;classic&quot;}\">\n\t\t\t\t\t\t<div class=\"elementor-container elementor-column-gap-default\">\n\t\t\t\t\t<div class=\"elementor-column elementor-col-100 elementor-top-column elementor-element elementor-element-ffbdda5\" data-id=\"ffbdda5\" data-element_type=\"column\" data-e-type=\"column\">\n\t\t\t<div class=\"elementor-widget-wrap elementor-element-populated\">\n\t\t\t\t\t\t<div class=\"elementor-element elementor-element-b628285 elementor-align-center elementor-widget elementor-widget-button\" data-id=\"b628285\" data-element_type=\"widget\" data-e-type=\"widget\" data-settings=\"{&quot;ekit_we_effect_on&quot;:&quot;none&quot;}\" data-widget_type=\"button.default\">\n\t\t\t\t\t\t\t\t\t\t<a class=\"elementor-button elementor-button-link elementor-size-md\" href=\"\/nl\/artikelen\/\">\n\t\t\t\t\t\t<span class=\"elementor-button-content-wrapper\">\n\t\t\t\t\t\t<span class=\"elementor-button-icon\">\n\t\t\t\t<svg aria-hidden=\"true\" class=\"e-font-icon-svg e-fas-book-open\" viewBox=\"0 0 576 512\" xmlns=\"http:\/\/www.w3.org\/2000\/svg\"><path d=\"M542.22 32.05c-54.8 3.11-163.72 14.43-230.96 55.59-4.64 2.84-7.27 7.89-7.27 13.17v363.87c0 11.55 12.63 18.85 23.28 13.49 69.18-34.82 169.23-44.32 218.7-46.92 16.89-.89 30.02-14.43 30.02-30.66V62.75c.01-17.71-15.35-31.74-33.77-30.7zM264.73 87.64C197.5 46.48 88.58 35.17 33.78 32.05 15.36 31.01 0 45.04 0 62.75V400.6c0 16.24 13.13 29.78 30.02 30.66 49.49 2.6 149.59 12.11 218.77 46.95 10.62 5.35 23.21-1.94 23.21-13.46V100.63c0-5.29-2.62-10.14-7.27-12.99z\"><\/path><\/svg>\t\t\t<\/span>\n\t\t\t\t\t\t\t\t\t<span class=\"elementor-button-text\">Terug naar de artikellijst<\/span>\n\t\t\t\t\t<\/span>\n\t\t\t\t\t<\/a>\n\t\t\t\t\t\t\t\t<\/div>\n\t\t\t\t\t<\/div>\n\t\t<\/div>\n\t\t\t\t\t<\/div>\n\t\t<\/section>\n\t\t\t\t<\/div>\n\t\t","protected":false},"excerpt":{"rendered":"<p>Wist je dat? Wij zetten ons in om u te helpen bij het vinden en verkrijgen van premies of subsidies voor groendaken in Brussel, maar ook in Walloni\u00eb en Vlaanderen. Wij zullen u alle nodige informatie en documenten bezorgen. Brussel, bijvoorbeeld, heeft een gewestelijke premie ingevoerd voor de installatie van een groendak. Afhankelijk van het&#8230;<\/p>\n","protected":false},"author":1,"featured_media":7908,"comment_status":"open","ping_status":"open","sticky":false,"template":"","format":"standard","meta":{"footnotes":""},"categories":[33],"tags":[60,52,62,64,66],"class_list":["post-7905","post","type-post","status-publish","format-standard","has-post-thumbnail","hentry","category-toitures-vertes","tag-belgique-nl","tag-ecologie-2","tag-informatif-nl","tag-toiture-vegetales-nl","tag-vrt-nieuws-nl","nt-post-class","","masonry-item","col-lg-4","excerpt-none"],"aioseo_notices":[],"aioseo_head":"\n\t\t<!-- All in One SEO Pro 5.0.1.1 - aioseo.com -->\n\t<meta name=\"description\" content=\"Biotik helpt u om het vinden en verkrijgen van een premie of subsidie voor het aanleggen van een groendak in Brussel, Vlaanderen en Walloni\u00eb!\" \/>\n\t<meta name=\"robots\" content=\"max-image-preview:large\" \/>\n\t<meta name=\"author\" content=\"Pierre\"\/>\n\t<meta name=\"google-site-verification\" content=\"google033941a66a77a583.html\" \/>\n\t<link rel=\"canonical\" href=\"https:\/\/biotik.be\/nl\/premie-groendak-in-brussel-vlaanderen-of-wallonie\/\" \/>\n\t<meta name=\"generator\" content=\"All in One SEO Pro (AIOSEO) 5.0.1.1\" \/>\n\t\t<meta property=\"og:locale\" content=\"nl_NL\" \/>\n\t\t<meta property=\"og:site_name\" content=\"Biotik\" \/>\n\t\t<meta property=\"og:type\" content=\"article\" \/>\n\t\t<meta property=\"og:title\" content=\"Premie groendak in Brussel, Vlaanderen of Walloni\u00eb | Biotik | Greenroofs\" \/>\n\t\t<meta property=\"og:description\" content=\"Wist u dat groendaken een belangrijke bijdrage leveren aan het verminderen van het &quot;hitte-eiland&quot; effect dat we in steden ervaren op warme dagen, zoals de afgelopen dagen.\" \/>\n\t\t<meta property=\"og:url\" content=\"https:\/\/biotik.be\/nl\/premie-groendak-in-brussel-vlaanderen-of-wallonie\/\" \/>\n\t\t<meta property=\"og:image\" content=\"https:\/\/biotik.be\/wp-content\/uploads\/2022\/07\/Biotik-article-les-toitures-vertes-Biotik-vous-aide-a\u0300-trouver-et-a\u0300-obtenir-les-primes-ou-subsides-pour-le-placement-dune-toiture-verte-a\u0300-Bruxelles-mais-aussi-en-Wallonie-et-en-Flandre.jpg\" \/>\n\t\t<meta property=\"og:image:secure_url\" content=\"https:\/\/biotik.be\/wp-content\/uploads\/2022\/07\/Biotik-article-les-toitures-vertes-Biotik-vous-aide-a\u0300-trouver-et-a\u0300-obtenir-les-primes-ou-subsides-pour-le-placement-dune-toiture-verte-a\u0300-Bruxelles-mais-aussi-en-Wallonie-et-en-Flandre.jpg\" \/>\n\t\t<meta property=\"og:image:width\" content=\"1280\" \/>\n\t\t<meta property=\"og:image:height\" content=\"853\" \/>\n\t\t<meta property=\"article:published_time\" content=\"2022-07-27T14:28:26+00:00\" \/>\n\t\t<meta property=\"article:modified_time\" content=\"2024-01-19T11:56:21+00:00\" \/>\n\t\t<meta property=\"article:publisher\" content=\"https:\/\/www.facebook.com\/biotikbelgium\" \/>\n\t\t<meta name=\"twitter:card\" content=\"summary_large_image\" \/>\n\t\t<meta name=\"twitter:title\" content=\"Premie groendak in Brussel, Vlaanderen of Walloni\u00eb | Biotik | Greenroofs\" \/>\n\t\t<meta name=\"twitter:description\" content=\"Wist u dat groendaken een belangrijke bijdrage leveren aan het verminderen van het &quot;hitte-eiland&quot; effect dat we in steden ervaren op warme dagen, zoals de afgelopen dagen.\" \/>\n\t\t<meta name=\"twitter:image\" content=\"https:\/\/biotik.be\/wp-content\/uploads\/2026\/08\/biotik-toitures-vegetales-bruxelles-partage-social.jpg\" \/>\n\t\t<script type=\"application\/ld+json\" class=\"aioseo-schema\">\n\t\t\t{\"@context\":\"https:\\\/\\\/schema.org\",\"@graph\":[{\"@type\":\"BlogPosting\",\"@id\":\"https:\\\/\\\/biotik.be\\\/nl\\\/premie-groendak-in-brussel-vlaanderen-of-wallonie\\\/aioseo-article-63c7acdc80cd2\",\"name\":\"Premie groendak in Brussel, Vlaanderen of Walloni\\u00eb\",\"headline\":\"Premie groendak in Brussel, Vlaanderen of Walloni\\u00eb\",\"description\":\"Wist je dat?Wij zetten ons in om u te helpen bij het vinden en verkrijgen van premies of subsidies voor groendaken in Brussel, maar ook in Walloni\\u00eb en Vlaanderen.Wij zullen u alle nodige informatie en documenten bezorgen.Brussel, bijvoorbeeld, heeft een gewestelijke premie ingevoerd voor de installatie van een groendak. Afhankelijk van het soort dak, varieert\",\"author\":{\"@type\":\"Person\",\"name\":\"Pierre\",\"url\":\"https:\\\/\\\/biotik.be\\\/nl\\\/author\\\/pierre\\\/\"},\"publisher\":{\"@id\":\"https:\\\/\\\/biotik.be\\\/nl\\\/#organization\"},\"image\":{\"@type\":\"ImageObject\",\"url\":\"https:\\\/\\\/biotik.be\\\/wp-content\\\/uploads\\\/2022\\\/07\\\/Biotik-article-les-toitures-vertes-Biotik-vous-aide-a\\u0300-trouver-et-a\\u0300-obtenir-les-primes-ou-subsides-pour-le-placement-dune-toiture-verte-a\\u0300-Bruxelles-mais-aussi-en-Wallonie-et-en-Flandre.jpg\",\"width\":1280,\"height\":853,\"caption\":\"biotik toitures vertes v\\u00e9g\\u00e9tale bruxelles brabant groendak groendaken dakpark intensif intensief extensif extensief daktuin greenroof intensive extensive brussels roof garden\"},\"datePublished\":\"2022-07-27T14:28:26+02:00\",\"dateModified\":\"2024-01-19T11:56:21+01:00\",\"inLanguage\":\"nl-NL\",\"articleSection\":\"Toitures Vertes, belgique, \\u00e9cologie, Informatif, Toiture V\\u00e9g\\u00e9tales, VRT Nieuws, Optioneel\"},{\"@type\":\"BreadcrumbList\",\"@id\":\"https:\\\/\\\/biotik.be\\\/nl\\\/premie-groendak-in-brussel-vlaanderen-of-wallonie\\\/#breadcrumblist\",\"itemListElement\":[{\"@type\":\"ListItem\",\"@id\":\"https:\\\/\\\/biotik.be\\\/nl\\\/#listItem\",\"position\":1,\"name\":\"Home\",\"item\":\"https:\\\/\\\/biotik.be\\\/nl\\\/\",\"nextItem\":{\"@type\":\"ListItem\",\"@id\":\"https:\\\/\\\/biotik.be\\\/category\\\/toitures-vertes\\\/#listItem\",\"name\":\"Toitures Vertes\"}},{\"@type\":\"ListItem\",\"@id\":\"https:\\\/\\\/biotik.be\\\/category\\\/toitures-vertes\\\/#listItem\",\"position\":2,\"name\":\"Toitures Vertes\",\"item\":\"https:\\\/\\\/biotik.be\\\/category\\\/toitures-vertes\\\/\",\"nextItem\":{\"@type\":\"ListItem\",\"@id\":\"https:\\\/\\\/biotik.be\\\/nl\\\/premie-groendak-in-brussel-vlaanderen-of-wallonie\\\/#listItem\",\"name\":\"Premie groendak in Brussel, Vlaanderen of Walloni\\u00eb\"},\"previousItem\":{\"@type\":\"ListItem\",\"@id\":\"https:\\\/\\\/biotik.be\\\/nl\\\/#listItem\",\"name\":\"Accueil\"}},{\"@type\":\"ListItem\",\"@id\":\"https:\\\/\\\/biotik.be\\\/nl\\\/premie-groendak-in-brussel-vlaanderen-of-wallonie\\\/#listItem\",\"position\":3,\"name\":\"Premie groendak in Brussel, Vlaanderen of Walloni\\u00eb\",\"previousItem\":{\"@type\":\"ListItem\",\"@id\":\"https:\\\/\\\/biotik.be\\\/category\\\/toitures-vertes\\\/#listItem\",\"name\":\"Toitures Vertes\"}}]},{\"@type\":\"Organization\",\"@id\":\"https:\\\/\\\/biotik.be\\\/nl\\\/#organization\",\"name\":\"Biotik SRL\",\"description\":\"Biotik est une entreprise sp\\u00e9cialis\\u00e9e dans la conception, l\\u2019installation et l\\u2019entretien de toitures v\\u00e9g\\u00e9tales et de murs v\\u00e9g\\u00e9taux \\u00e0 Bruxelles et en Belgique. Elle propose \\u00e9galement des solutions durables de gestion et de r\\u00e9tention des eaux pluviales.\",\"url\":\"https:\\\/\\\/biotik.be\\\/nl\\\/\",\"email\":\"contact@biotik.be\",\"telephone\":\"+32484702375\",\"foundingDate\":\"2024-07-17\",\"logo\":{\"@type\":\"ImageObject\",\"url\":\"https:\\\/\\\/biotik.be\\\/wp-content\\\/uploads\\\/2026\\\/08\\\/logo-biotik-toitures-vegetales.svg\",\"@id\":\"https:\\\/\\\/biotik.be\\\/nl\\\/premie-groendak-in-brussel-vlaanderen-of-wallonie\\\/#organizationLogo\",\"width\":332,\"height\":150},\"image\":{\"@id\":\"https:\\\/\\\/biotik.be\\\/nl\\\/premie-groendak-in-brussel-vlaanderen-of-wallonie\\\/#organizationLogo\"},\"sameAs\":[\"https:\\\/\\\/www.instagram.com\\\/_biotik\\\/\",\"https:\\\/\\\/www.linkedin.com\\\/company\\\/78735553\"],\"address\":{\"@id\":\"https:\\\/\\\/biotik.be\\\/nl\\\/#postaladdress\",\"@type\":\"PostalAddress\",\"streetAddress\":\"Chauss\\u00e9e de Wemmel 95, Bo\\u00eete 04\\\/3\",\"postalCode\":\"1090\",\"addressLocality\":\"Jette\",\"addressRegion\":\"R\\u00e9gion de Bruxelles-Capitale\",\"addressCountry\":\"BE\"},\"vatID\":\"BE1011668824\"},{\"@type\":\"Person\",\"@id\":\"https:\\\/\\\/biotik.be\\\/nl\\\/author\\\/pierre\\\/#author\",\"url\":\"https:\\\/\\\/biotik.be\\\/nl\\\/author\\\/pierre\\\/\",\"name\":\"Pierre\",\"image\":{\"@type\":\"ImageObject\",\"@id\":\"https:\\\/\\\/biotik.be\\\/nl\\\/premie-groendak-in-brussel-vlaanderen-of-wallonie\\\/#authorImage\",\"url\":\"https:\\\/\\\/secure.gravatar.com\\\/avatar\\\/61ce47facc7e2e03c5d33b50a15cccdb529f87f325df18d574dcde5d0f854422?s=96&d=mm&r=g\",\"width\":96,\"height\":96,\"caption\":\"Pierre\"}},{\"@type\":\"WebPage\",\"@id\":\"https:\\\/\\\/biotik.be\\\/nl\\\/premie-groendak-in-brussel-vlaanderen-of-wallonie\\\/#webpage\",\"url\":\"https:\\\/\\\/biotik.be\\\/nl\\\/premie-groendak-in-brussel-vlaanderen-of-wallonie\\\/\",\"name\":\"Premie groendak in Brussel, Vlaanderen of Walloni\\u00eb | Biotik | Greenroofs\",\"description\":\"Biotik helpt u om het vinden en verkrijgen van een premie of subsidie voor het aanleggen van een groendak in Brussel, Vlaanderen en Walloni\\u00eb!\",\"inLanguage\":\"nl-NL\",\"isPartOf\":{\"@id\":\"https:\\\/\\\/biotik.be\\\/nl\\\/#website\"},\"breadcrumb\":{\"@id\":\"https:\\\/\\\/biotik.be\\\/nl\\\/premie-groendak-in-brussel-vlaanderen-of-wallonie\\\/#breadcrumblist\"},\"author\":{\"@id\":\"https:\\\/\\\/biotik.be\\\/nl\\\/author\\\/pierre\\\/#author\"},\"creator\":{\"@id\":\"https:\\\/\\\/biotik.be\\\/nl\\\/author\\\/pierre\\\/#author\"},\"image\":{\"@type\":\"ImageObject\",\"url\":\"https:\\\/\\\/biotik.be\\\/wp-content\\\/uploads\\\/2022\\\/07\\\/Biotik-article-les-toitures-vertes-Biotik-vous-aide-a\\u0300-trouver-et-a\\u0300-obtenir-les-primes-ou-subsides-pour-le-placement-dune-toiture-verte-a\\u0300-Bruxelles-mais-aussi-en-Wallonie-et-en-Flandre.jpg\",\"@id\":\"https:\\\/\\\/biotik.be\\\/nl\\\/premie-groendak-in-brussel-vlaanderen-of-wallonie\\\/#mainImage\",\"width\":1280,\"height\":853,\"caption\":\"biotik toitures vertes v\\u00e9g\\u00e9tale bruxelles brabant groendak groendaken dakpark intensif intensief extensif extensief daktuin greenroof intensive extensive brussels roof garden\"},\"primaryImageOfPage\":{\"@id\":\"https:\\\/\\\/biotik.be\\\/nl\\\/premie-groendak-in-brussel-vlaanderen-of-wallonie\\\/#mainImage\"},\"datePublished\":\"2022-07-27T14:28:26+02:00\",\"dateModified\":\"2024-01-19T11:56:21+01:00\"},{\"@type\":\"WebSite\",\"@id\":\"https:\\\/\\\/biotik.be\\\/nl\\\/#website\",\"url\":\"https:\\\/\\\/biotik.be\\\/nl\\\/\",\"name\":\"Biotik\",\"alternateName\":\"Biotik SRL\",\"description\":\"Toitures vertes & v\\u00e9g\\u00e9talisation urbaine | Groendaken en stedelijk groen\",\"inLanguage\":\"nl-NL\",\"publisher\":{\"@id\":\"https:\\\/\\\/biotik.be\\\/nl\\\/#organization\"}}]}\n\t\t<\/script>\n\t\t<!-- All in One SEO Pro -->\r\n\t\t<title>Premie groendak in Brussel, Vlaanderen of Walloni\u00eb | Biotik | Greenroofs<\/title>\n\n","aioseo_head_json":{"title":"Premie groendak in Brussel, Vlaanderen of Walloni\u00eb | Biotik | Greenroofs","description":"Biotik helpt u om het vinden en verkrijgen van een premie of subsidie voor het aanleggen van een groendak in Brussel, Vlaanderen en Walloni\u00eb!","canonical_url":"https:\/\/biotik.be\/nl\/premie-groendak-in-brussel-vlaanderen-of-wallonie\/","robots":"max-image-preview:large","keywords":"","webmasterTools":{"google-site-verification":"google033941a66a77a583.html","miscellaneous":""},"schema":{"@context":"https:\/\/schema.org","@graph":[{"@type":"BlogPosting","@id":"https:\/\/biotik.be\/nl\/premie-groendak-in-brussel-vlaanderen-of-wallonie\/aioseo-article-63c7acdc80cd2","name":"Premie groendak in Brussel, Vlaanderen of Walloni\u00eb","headline":"Premie groendak in Brussel, Vlaanderen of Walloni\u00eb","description":"Wist je dat?Wij zetten ons in om u te helpen bij het vinden en verkrijgen van premies of subsidies voor groendaken in Brussel, maar ook in Walloni\u00eb en Vlaanderen.Wij zullen u alle nodige informatie en documenten bezorgen.Brussel, bijvoorbeeld, heeft een gewestelijke premie ingevoerd voor de installatie van een groendak. Afhankelijk van het soort dak, varieert","author":{"@type":"Person","name":"Pierre","url":"https:\/\/biotik.be\/nl\/author\/pierre\/"},"publisher":{"@id":"https:\/\/biotik.be\/nl\/#organization"},"image":{"@type":"ImageObject","url":"https:\/\/biotik.be\/wp-content\/uploads\/2022\/07\/Biotik-article-les-toitures-vertes-Biotik-vous-aide-a\u0300-trouver-et-a\u0300-obtenir-les-primes-ou-subsides-pour-le-placement-dune-toiture-verte-a\u0300-Bruxelles-mais-aussi-en-Wallonie-et-en-Flandre.jpg","width":1280,"height":853,"caption":"biotik toitures vertes v\u00e9g\u00e9tale bruxelles brabant groendak groendaken dakpark intensif intensief extensif extensief daktuin greenroof intensive extensive brussels roof garden"},"datePublished":"2022-07-27T14:28:26+02:00","dateModified":"2024-01-19T11:56:21+01:00","inLanguage":"nl-NL","articleSection":"Toitures Vertes, belgique, \u00e9cologie, Informatif, Toiture V\u00e9g\u00e9tales, VRT Nieuws, Optioneel"},{"@type":"BreadcrumbList","@id":"https:\/\/biotik.be\/nl\/premie-groendak-in-brussel-vlaanderen-of-wallonie\/#breadcrumblist","itemListElement":[{"@type":"ListItem","@id":"https:\/\/biotik.be\/nl\/#listItem","position":1,"name":"Home","item":"https:\/\/biotik.be\/nl\/","nextItem":{"@type":"ListItem","@id":"https:\/\/biotik.be\/category\/toitures-vertes\/#listItem","name":"Toitures Vertes"}},{"@type":"ListItem","@id":"https:\/\/biotik.be\/category\/toitures-vertes\/#listItem","position":2,"name":"Toitures Vertes","item":"https:\/\/biotik.be\/category\/toitures-vertes\/","nextItem":{"@type":"ListItem","@id":"https:\/\/biotik.be\/nl\/premie-groendak-in-brussel-vlaanderen-of-wallonie\/#listItem","name":"Premie groendak in Brussel, Vlaanderen of Walloni\u00eb"},"previousItem":{"@type":"ListItem","@id":"https:\/\/biotik.be\/nl\/#listItem","name":"Accueil"}},{"@type":"ListItem","@id":"https:\/\/biotik.be\/nl\/premie-groendak-in-brussel-vlaanderen-of-wallonie\/#listItem","position":3,"name":"Premie groendak in Brussel, Vlaanderen of Walloni\u00eb","previousItem":{"@type":"ListItem","@id":"https:\/\/biotik.be\/category\/toitures-vertes\/#listItem","name":"Toitures Vertes"}}]},{"@type":"Organization","@id":"https:\/\/biotik.be\/nl\/#organization","name":"Biotik SRL","description":"Biotik est une entreprise sp\u00e9cialis\u00e9e dans la conception, l\u2019installation et l\u2019entretien de toitures v\u00e9g\u00e9tales et de murs v\u00e9g\u00e9taux \u00e0 Bruxelles et en Belgique. Elle propose \u00e9galement des solutions durables de gestion et de r\u00e9tention des eaux pluviales.","url":"https:\/\/biotik.be\/nl\/","email":"contact@biotik.be","telephone":"+32484702375","foundingDate":"2024-07-17","logo":{"@type":"ImageObject","url":"https:\/\/biotik.be\/wp-content\/uploads\/2026\/08\/logo-biotik-toitures-vegetales.svg","@id":"https:\/\/biotik.be\/nl\/premie-groendak-in-brussel-vlaanderen-of-wallonie\/#organizationLogo","width":332,"height":150},"image":{"@id":"https:\/\/biotik.be\/nl\/premie-groendak-in-brussel-vlaanderen-of-wallonie\/#organizationLogo"},"sameAs":["https:\/\/www.instagram.com\/_biotik\/","https:\/\/www.linkedin.com\/company\/78735553"],"address":{"@id":"https:\/\/biotik.be\/nl\/#postaladdress","@type":"PostalAddress","streetAddress":"Chauss\u00e9e de Wemmel 95, Bo\u00eete 04\/3","postalCode":"1090","addressLocality":"Jette","addressRegion":"R\u00e9gion de Bruxelles-Capitale","addressCountry":"BE"},"vatID":"BE1011668824"},{"@type":"Person","@id":"https:\/\/biotik.be\/nl\/author\/pierre\/#author","url":"https:\/\/biotik.be\/nl\/author\/pierre\/","name":"Pierre","image":{"@type":"ImageObject","@id":"https:\/\/biotik.be\/nl\/premie-groendak-in-brussel-vlaanderen-of-wallonie\/#authorImage","url":"https:\/\/secure.gravatar.com\/avatar\/61ce47facc7e2e03c5d33b50a15cccdb529f87f325df18d574dcde5d0f854422?s=96&d=mm&r=g","width":96,"height":96,"caption":"Pierre"}},{"@type":"WebPage","@id":"https:\/\/biotik.be\/nl\/premie-groendak-in-brussel-vlaanderen-of-wallonie\/#webpage","url":"https:\/\/biotik.be\/nl\/premie-groendak-in-brussel-vlaanderen-of-wallonie\/","name":"Premie groendak in Brussel, Vlaanderen of Walloni\u00eb | Biotik | Greenroofs","description":"Biotik helpt u om het vinden en verkrijgen van een premie of subsidie voor het aanleggen van een groendak in Brussel, Vlaanderen en Walloni\u00eb!","inLanguage":"nl-NL","isPartOf":{"@id":"https:\/\/biotik.be\/nl\/#website"},"breadcrumb":{"@id":"https:\/\/biotik.be\/nl\/premie-groendak-in-brussel-vlaanderen-of-wallonie\/#breadcrumblist"},"author":{"@id":"https:\/\/biotik.be\/nl\/author\/pierre\/#author"},"creator":{"@id":"https:\/\/biotik.be\/nl\/author\/pierre\/#author"},"image":{"@type":"ImageObject","url":"https:\/\/biotik.be\/wp-content\/uploads\/2022\/07\/Biotik-article-les-toitures-vertes-Biotik-vous-aide-a\u0300-trouver-et-a\u0300-obtenir-les-primes-ou-subsides-pour-le-placement-dune-toiture-verte-a\u0300-Bruxelles-mais-aussi-en-Wallonie-et-en-Flandre.jpg","@id":"https:\/\/biotik.be\/nl\/premie-groendak-in-brussel-vlaanderen-of-wallonie\/#mainImage","width":1280,"height":853,"caption":"biotik toitures vertes v\u00e9g\u00e9tale bruxelles brabant groendak groendaken dakpark intensif intensief extensif extensief daktuin greenroof intensive extensive brussels roof garden"},"primaryImageOfPage":{"@id":"https:\/\/biotik.be\/nl\/premie-groendak-in-brussel-vlaanderen-of-wallonie\/#mainImage"},"datePublished":"2022-07-27T14:28:26+02:00","dateModified":"2024-01-19T11:56:21+01:00"},{"@type":"WebSite","@id":"https:\/\/biotik.be\/nl\/#website","url":"https:\/\/biotik.be\/nl\/","name":"Biotik","alternateName":"Biotik SRL","description":"Toitures vertes & v\u00e9g\u00e9talisation urbaine | Groendaken en stedelijk groen","inLanguage":"nl-NL","publisher":{"@id":"https:\/\/biotik.be\/nl\/#organization"}}]},"og:locale":"nl_NL","og:site_name":"Biotik","og:type":"article","og:title":"Premie groendak in Brussel, Vlaanderen of Walloni\u00eb | Biotik | Greenroofs","og:description":"Wist u dat groendaken een belangrijke bijdrage leveren aan het verminderen van het &quot;hitte-eiland&quot; effect dat we in steden ervaren op warme dagen, zoals de afgelopen dagen.","og:url":"https:\/\/biotik.be\/nl\/premie-groendak-in-brussel-vlaanderen-of-wallonie\/","og:image":"https:\/\/biotik.be\/wp-content\/uploads\/2022\/07\/Biotik-article-les-toitures-vertes-Biotik-vous-aide-a\u0300-trouver-et-a\u0300-obtenir-les-primes-ou-subsides-pour-le-placement-dune-toiture-verte-a\u0300-Bruxelles-mais-aussi-en-Wallonie-et-en-Flandre.jpg","og:image:secure_url":"https:\/\/biotik.be\/wp-content\/uploads\/2022\/07\/Biotik-article-les-toitures-vertes-Biotik-vous-aide-a\u0300-trouver-et-a\u0300-obtenir-les-primes-ou-subsides-pour-le-placement-dune-toiture-verte-a\u0300-Bruxelles-mais-aussi-en-Wallonie-et-en-Flandre.jpg","og:image:width":"1280","og:image:height":"853","article:published_time":"2022-07-27T14:28:26+00:00","article:modified_time":"2024-01-19T11:56:21+00:00","article:publisher":"https:\/\/www.facebook.com\/biotikbelgium","twitter:card":"summary_large_image","twitter:title":"Premie groendak in Brussel, Vlaanderen of Walloni\u00eb | Biotik | Greenroofs","twitter:description":"Wist u dat groendaken een belangrijke bijdrage leveren aan het verminderen van het &quot;hitte-eiland&quot; effect dat we in steden ervaren op warme dagen, zoals de afgelopen dagen.","twitter:image":"https:\/\/biotik.be\/wp-content\/uploads\/2026\/08\/biotik-toitures-vegetales-bruxelles-partage-social.jpg"},"aioseo_meta_data":{"post_id":"7905","title":null,"description":"Biotik helpt u om het vinden en verkrijgen van een premie of subsidie voor het aanleggen van een groendak in Brussel, Vlaanderen en Walloni\u00eb!","keywords":[],"keyphrases":{"focus":{"keyphrase":"","score":0,"analysis":{"keyphraseInTitle":{"score":0,"maxScore":9,"error":1}}},"additional":[]},"primary_term":null,"canonical_url":null,"og_title":"#post_title #separator_sa #site_title","og_description":"Wist u dat groendaken een belangrijke bijdrage leveren aan het verminderen van het \"hitte-eiland\" effect dat we in steden ervaren op warme dagen, zoals de afgelopen dagen.","og_object_type":"default","og_image_type":"featured","og_image_url":"https:\/\/biotik.be\/wp-content\/uploads\/2022\/07\/Biotik-article-les-toitures-vertes-Biotik-vous-aide-a\u0300-trouver-et-a\u0300-obtenir-les-primes-ou-subsides-pour-le-placement-dune-toiture-verte-a\u0300-Bruxelles-mais-aussi-en-Wallonie-et-en-Flandre.jpg","og_image_width":"1280","og_image_height":"853","og_image_custom_url":null,"og_image_custom_fields":null,"og_video":"","og_custom_url":null,"og_article_section":null,"og_article_tags":[],"twitter_use_og":false,"twitter_card":"default","twitter_image_type":"default","twitter_image_url":null,"twitter_image_custom_url":null,"twitter_image_custom_fields":null,"twitter_title":null,"twitter_description":null,"schema":{"blockGraphs":[],"customGraphs":[],"default":{"data":{"Article":{"id":"aioseo-article-63c7acdc80cd2","slug":"article","graphName":"Article","label":"Article","properties":{"type":"BlogPosting","name":"#post_title","headline":"#post_title","description":"#post_excerpt","image":"","keywords":"","author":{"name":"#author_name","url":"#author_url"},"dates":{"include":true,"datePublished":"","dateModified":""}}},"Course":[],"Dataset":[],"FAQPage":[],"Movie":[],"Person":[],"Product":[],"ProductReview":[],"Car":[],"Recipe":[],"Service":[],"SoftwareApplication":[],"WebPage":[]},"graphName":"Article","isEnabled":true},"graphs":[]},"schema_type":"default","schema_type_options":"{\"article\":{\"articleType\":\"BlogPosting\"},\"course\":{\"name\":\"\",\"description\":\"\",\"provider\":\"\"},\"faq\":{\"pages\":[]},\"product\":{\"reviews\":[]},\"recipe\":{\"ingredients\":[],\"instructions\":[],\"keywords\":[]},\"software\":{\"reviews\":[],\"operatingSystems\":[]},\"webPage\":{\"webPageType\":\"WebPage\"},\"blockGraphs\":[]}","pillar_content":false,"robots_default":true,"robots_noindex":false,"robots_noarchive":false,"robots_nosnippet":false,"robots_nofollow":false,"robots_noimageindex":false,"robots_noodp":false,"robots_notranslate":false,"robots_max_snippet":"-1","robots_max_videopreview":"-1","robots_max_imagepreview":"large","priority":null,"frequency":"default","local_seo":null,"seo_analyzer_scan_date":"2026-05-13 11:07:56","breadcrumb_settings":null,"limit_modified_date":false,"open_ai":null,"ai":null,"created":"2022-07-27 14:23:46","updated":"2026-05-13 11:07:56","focus_keyword":null,"additional_keywords":null,"truseo_locale":null},"aioseo_breadcrumb":"<div class=\"aioseo-breadcrumbs\"><span class=\"aioseo-breadcrumb\">\n\t<a href=\"https:\/\/biotik.be\/nl\/\" title=\"Accueil\">Accueil<\/a>\n<\/span><span class=\"aioseo-breadcrumb-separator\">\u203a<\/span><span class=\"aioseo-breadcrumb\">\n\t<a href=\"https:\/\/biotik.be\/category\/toitures-vertes\/\" title=\"Toitures Vertes\">Toitures Vertes<\/a>\n<\/span><span class=\"aioseo-breadcrumb-separator\">\u203a<\/span><span class=\"aioseo-breadcrumb\">\n\tPremie groendak in Brussel, Vlaanderen of Walloni\u00eb\n<\/span><\/div>","aioseo_breadcrumb_json":[{"label":"Accueil","link":"https:\/\/biotik.be\/nl\/"},{"label":"Toitures Vertes","link":"https:\/\/biotik.be\/category\/toitures-vertes\/"},{"label":"Premie groendak in Brussel, Vlaanderen of Walloni\u00eb","link":"https:\/\/biotik.be\/nl\/premie-groendak-in-brussel-vlaanderen-of-wallonie\/"}],"_links":{"self":[{"href":"https:\/\/biotik.be\/nl\/wp-json\/wp\/v2\/posts\/7905","targetHints":{"allow":["GET"]}}],"collection":[{"href":"https:\/\/biotik.be\/nl\/wp-json\/wp\/v2\/posts"}],"about":[{"href":"https:\/\/biotik.be\/nl\/wp-json\/wp\/v2\/types\/post"}],"author":[{"embeddable":true,"href":"https:\/\/biotik.be\/nl\/wp-json\/wp\/v2\/users\/1"}],"replies":[{"embeddable":true,"href":"https:\/\/biotik.be\/nl\/wp-json\/wp\/v2\/comments?post=7905"}],"version-history":[{"count":0,"href":"https:\/\/biotik.be\/nl\/wp-json\/wp\/v2\/posts\/7905\/revisions"}],"wp:featuredmedia":[{"embeddable":true,"href":"https:\/\/biotik.be\/nl\/wp-json\/wp\/v2\/media\/7908"}],"wp:attachment":[{"href":"https:\/\/biotik.be\/nl\/wp-json\/wp\/v2\/media?parent=7905"}],"wp:term":[{"taxonomy":"category","embeddable":true,"href":"https:\/\/biotik.be\/nl\/wp-json\/wp\/v2\/categories?post=7905"},{"taxonomy":"post_tag","embeddable":true,"href":"https:\/\/biotik.be\/nl\/wp-json\/wp\/v2\/tags?post=7905"}],"curies":[{"name":"wp","href":"https:\/\/api.w.org\/{rel}","templated":true}]}}